{"id":1,"date":"2007-10-09T23:45:47","date_gmt":"2007-10-09T21:45:47","guid":{"rendered":"http:\/\/gestaltung.wilhelm-ostwald-schule.de\/?p=1"},"modified":"2007-10-13T13:27:48","modified_gmt":"2007-10-13T11:27:48","slug":"hallo-welt","status":"publish","type":"post","link":"https:\/\/gestaltung.wilhelm-ostwald-schule.de\/?p=1","title":{"rendered":"Der Fachbereich hat seinen blog"},"content":{"rendered":"<p>Wir bitten um rege Teilnahme und freuen uns auf diese Art und Weise euch auf Neuigkeiten aufmerksam zu machen. Des Weiteren werden wir bei Terminen, \u00c4nderungen, Downloads o. \u00e4. immer auf unseren blog aufmerksam machen.<\/p>\n<p>Der blog wird von Herrn Dreyer und Herrn Scharff verwaltet.<\/p>\n<p>Viel Spa\u00df dabei!<\/p>\n","protected":false},"excerpt":{"rendered":"<p>Wir bitten um rege Teilnahme und freuen uns auf diese Art und Weise euch auf Neuigkeiten aufmerksam zu machen. Des Weiteren werden wir bei Terminen, \u00c4nderungen, Downloads o. \u00e4. immer auf unseren blog aufmerksam machen. Der blog wird von Herrn Dreyer und Herrn Scharff verwaltet. Viel Spa\u00df dabei!<\/p>\n","protected":false},"author":1,"featured_media":0,"comment_status":"open","ping_status":"open","sticky":false,"template":"","format":"standard","meta":[],"categories":[1],"tags":[17],"_links":{"self":[{"href":"https:\/\/gestaltung.wilhelm-ostwald-schule.de\/index.php?rest_route=\/wp\/v2\/posts\/1"}],"collection":[{"href":"https:\/\/gestaltung.wilhelm-ostwald-schule.de\/index.php?rest_route=\/wp\/v2\/posts"}],"about":[{"href":"https:\/\/gestaltung.wilhelm-ostwald-schule.de\/index.php?rest_route=\/wp\/v2\/types\/post"}],"author":[{"embeddable":true,"href":"https:\/\/gestaltung.wilhelm-ostwald-schule.de\/index.php?rest_route=\/wp\/v2\/users\/1"}],"replies":[{"embeddable":true,"href":"https:\/\/gestaltung.wilhelm-ostwald-schule.de\/index.php?rest_route=%2Fwp%2Fv2%2Fcomments&post=1"}],"version-history":[{"count":0,"href":"https:\/\/gestaltung.wilhelm-ostwald-schule.de\/index.php?rest_route=\/wp\/v2\/posts\/1\/revisions"}],"wp:attachment":[{"href":"https:\/\/gestaltung.wilhelm-ostwald-schule.de\/index.php?rest_route=%2Fwp%2Fv2%2Fmedia&parent=1"}],"wp:term":[{"taxonomy":"category","embeddable":true,"href":"https:\/\/gestaltung.wilhelm-ostwald-schule.de\/index.php?rest_route=%2Fwp%2Fv2%2Fcategories&post=1"},{"taxonomy":"post_tag","embeddable":true,"href":"https:\/\/gestaltung.wilhelm-ostwald-schule.de\/index.php?rest_route=%2Fwp%2Fv2%2Ftags&post=1"}],"curies":[{"name":"wp","href":"https:\/\/api.w.org\/{rel}","templated":true}]}}