{"id":138,"date":"2007-11-01T09:13:41","date_gmt":"2007-11-01T07:13:41","guid":{"rendered":"http:\/\/gestaltung.wilhelm-ostwald-schule.de\/?p=138"},"modified":"2007-11-01T16:30:48","modified_gmt":"2007-11-01T14:30:48","slug":"zur-kategorie-apple","status":"publish","type":"post","link":"https:\/\/gestaltung.wilhelm-ostwald-schule.de\/?p=138","title":{"rendered":"Zur Kategorie Apple-Macintosh"},"content":{"rendered":"<p>Hier werdet ihr ab und zu einige Infos \u00fcber unseren Einsatz rund um den Apple-Rechner finden.<br \/>\nAnsprechpartner f\u00fcr unsere Macs sind die KollegInnen <a href=\"mailto:Bogumil@wilhelm-ostwald-schule.de\" target=\"_blank\">Bogumil<\/a> und <a href=\"mailto:Debler@wilhelm-ostwald-schule.de\" target=\"_blank\">Debler<\/a> sowie die Herren <a href=\"mailto:Pfetzer@wilhelm-ostwald-schule.de\" target=\"_blank\">Pfetzer<\/a> und <a href=\"mailto:Dreyer@wilhelm-ostwald-schule.de\" target=\"_blank\">Dreyer<\/a>.<\/p>\n<p>Im \u00dcbrigen gilt sowieso f\u00fcr Windows-Rechner:<\/p>\n<p><a href='http:\/\/gestaltung.wilhelm-ostwald-schule.de\/wp-content\/uploads\/2007\/11\/snail1024x768.jpg' title='typisch\u2026'><img src='http:\/\/gestaltung.wilhelm-ostwald-schule.de\/wp-content\/uploads\/2007\/11\/snail1024x768.thumbnail.jpg' alt='typisch\u2026' \/><\/a><\/p>\n","protected":false},"excerpt":{"rendered":"<p>Hier werdet ihr ab und zu einige Infos \u00fcber unseren Einsatz rund um den Apple-Rechner finden. Ansprechpartner f\u00fcr unsere Macs sind die KollegInnen Bogumil und Debler sowie die Herren Pfetzer und Dreyer. Im \u00dcbrigen gilt sowieso f\u00fcr Windows-Rechner:<\/p>\n","protected":false},"author":3,"featured_media":0,"comment_status":"open","ping_status":"open","sticky":false,"template":"","format":"standard","meta":[],"categories":[1],"tags":[],"_links":{"self":[{"href":"https:\/\/gestaltung.wilhelm-ostwald-schule.de\/index.php?rest_route=\/wp\/v2\/posts\/138"}],"collection":[{"href":"https:\/\/gestaltung.wilhelm-ostwald-schule.de\/index.php?rest_route=\/wp\/v2\/posts"}],"about":[{"href":"https:\/\/gestaltung.wilhelm-ostwald-schule.de\/index.php?rest_route=\/wp\/v2\/types\/post"}],"author":[{"embeddable":true,"href":"https:\/\/gestaltung.wilhelm-ostwald-schule.de\/index.php?rest_route=\/wp\/v2\/users\/3"}],"replies":[{"embeddable":true,"href":"https:\/\/gestaltung.wilhelm-ostwald-schule.de\/index.php?rest_route=%2Fwp%2Fv2%2Fcomments&post=138"}],"version-history":[{"count":0,"href":"https:\/\/gestaltung.wilhelm-ostwald-schule.de\/index.php?rest_route=\/wp\/v2\/posts\/138\/revisions"}],"wp:attachment":[{"href":"https:\/\/gestaltung.wilhelm-ostwald-schule.de\/index.php?rest_route=%2Fwp%2Fv2%2Fmedia&parent=138"}],"wp:term":[{"taxonomy":"category","embeddable":true,"href":"https:\/\/gestaltung.wilhelm-ostwald-schule.de\/index.php?rest_route=%2Fwp%2Fv2%2Fcategories&post=138"},{"taxonomy":"post_tag","embeddable":true,"href":"https:\/\/gestaltung.wilhelm-ostwald-schule.de\/index.php?rest_route=%2Fwp%2Fv2%2Ftags&post=138"}],"curies":[{"name":"wp","href":"https:\/\/api.w.org\/{rel}","templated":true}]}}