{"id":76,"date":"2007-10-24T06:18:24","date_gmt":"2007-10-24T04:18:24","guid":{"rendered":"http:\/\/gestaltung.wilhelm-ostwald-schule.de\/?p=76"},"modified":"2007-11-11T18:20:31","modified_gmt":"2007-11-11T16:20:31","slug":"sto-fortbildung-%e2%80%a2-farbwechsel","status":"publish","type":"post","link":"https:\/\/gestaltung.wilhelm-ostwald-schule.de\/?p=76","title":{"rendered":"Sto-Fortbildung \u2022 Farbwechsel"},"content":{"rendered":"<h4><img decoding=\"async\" loading=\"lazy\" src=\"http:\/\/gestaltung.wilhelm-ostwald-schule.de\/wp-content\/uploads\/2007\/10\/farbwechsel.jpg\" alt=\"farbwechsel\" border=\"0\" height=\"88\" width=\"300\" \/><\/h4>\n<p><font color=\"#ff0000\">27. &#8211; 29. November 2007<\/font><\/p>\n<p>Theoretisch vorbereitete Lerninhalte f\u00fcr ein ausgew\u00e4hltes Lernfeld werden an drei Tagen geplant und durchgef\u00fchrt.<\/p>\n<p><em><font color=\"#ff0000\">Leider ausgebucht!<\/font><\/em><\/p>\n<p><u>Teilnehmer (WOS):<\/u><br \/>\n<strike> &#8211; Ines BODE<br \/>\n<\/strike>&#8211; Ralf DYCK (stllv.)<br \/>\n&#8211; Irmgard KANNASS<br \/>\n&#8211; Andreas HARTMANN<br \/>\n<strike> &#8211; Manfred CAPRANO<\/strike><br \/>\n&#8211; Ralf Derz (stllv.)<br \/>\n&#8211; Andrea HOGAN<br \/>\n&#8211; Simone HODER<br \/>\n&#8211; Anja SIEVERDING<br \/>\n-Organisation: F. A. DREYER<\/p>\n<p>-ggf. Nachr\u00fccker: Beatrix LAKE<\/p>\n<p><font color=\"#ff0000\">KollegInnen, die absagen wollen, m\u00f6chte ich bitten, umgehend den Hauptverband pers\u00f6nlich zu informieren. <\/font><\/p>\n<p><font color=\"#ff0000\">Ansprechpartner ist hier <a href=\"mailto:amrhein@farbe.de\" target=\"_blank\">Herr Amrhein<\/a><a href=\"mailto:amrhein@farbe.de\" target=\"_blank\">.<\/a> <\/font><\/p>\n","protected":false},"excerpt":{"rendered":"<p>27. &#8211; 29. November 2007 Theoretisch vorbereitete Lerninhalte f\u00fcr ein ausgew\u00e4hltes Lernfeld werden an drei Tagen geplant und durchgef\u00fchrt. Leider ausgebucht! Teilnehmer (WOS): &#8211; Ines BODE &#8211; Ralf DYCK (stllv.) &#8211; Irmgard KANNASS &#8211; Andreas HARTMANN &#8211; Manfred CAPRANO &#8211; Ralf Derz (stllv.) &#8211; Andrea HOGAN &#8211; Simone HODER &#8211; Anja SIEVERDING -Organisation: F. A. [&hellip;]<\/p>\n","protected":false},"author":3,"featured_media":0,"comment_status":"open","ping_status":"open","sticky":false,"template":"","format":"standard","meta":[],"categories":[1],"tags":[],"_links":{"self":[{"href":"https:\/\/gestaltung.wilhelm-ostwald-schule.de\/index.php?rest_route=\/wp\/v2\/posts\/76"}],"collection":[{"href":"https:\/\/gestaltung.wilhelm-ostwald-schule.de\/index.php?rest_route=\/wp\/v2\/posts"}],"about":[{"href":"https:\/\/gestaltung.wilhelm-ostwald-schule.de\/index.php?rest_route=\/wp\/v2\/types\/post"}],"author":[{"embeddable":true,"href":"https:\/\/gestaltung.wilhelm-ostwald-schule.de\/index.php?rest_route=\/wp\/v2\/users\/3"}],"replies":[{"embeddable":true,"href":"https:\/\/gestaltung.wilhelm-ostwald-schule.de\/index.php?rest_route=%2Fwp%2Fv2%2Fcomments&post=76"}],"version-history":[{"count":0,"href":"https:\/\/gestaltung.wilhelm-ostwald-schule.de\/index.php?rest_route=\/wp\/v2\/posts\/76\/revisions"}],"wp:attachment":[{"href":"https:\/\/gestaltung.wilhelm-ostwald-schule.de\/index.php?rest_route=%2Fwp%2Fv2%2Fmedia&parent=76"}],"wp:term":[{"taxonomy":"category","embeddable":true,"href":"https:\/\/gestaltung.wilhelm-ostwald-schule.de\/index.php?rest_route=%2Fwp%2Fv2%2Fcategories&post=76"},{"taxonomy":"post_tag","embeddable":true,"href":"https:\/\/gestaltung.wilhelm-ostwald-schule.de\/index.php?rest_route=%2Fwp%2Fv2%2Ftags&post=76"}],"curies":[{"name":"wp","href":"https:\/\/api.w.org\/{rel}","templated":true}]}}