{"id":80,"date":"2007-10-24T06:32:59","date_gmt":"2007-10-24T04:32:59","guid":{"rendered":"http:\/\/gestaltung.wilhelm-ostwald-schule.de\/?p=80"},"modified":"2007-11-29T22:35:38","modified_gmt":"2007-11-29T20:35:38","slug":"caparol-%e2%80%a2-der-farbe-auf-den-grund-gehen%e2%80%a2-teil2","status":"publish","type":"post","link":"https:\/\/gestaltung.wilhelm-ostwald-schule.de\/?p=80","title":{"rendered":"Caparol-Fortbildung \u2022 Der Farbe auf den Grund gehen\u2022 Teil2"},"content":{"rendered":"<h4>Das Seminar beginnt um 09.00 Uhr in Raum W.1.37 (Altbau)\u00a0<\/h4>\n<p><font color=\"#ff0000\">03. &#8211; 04. Dezember 2007 <\/font>Fortsetzung des Seminars Teil 1 von 2006.<em><font color=\"#ff0000\"> <\/font><\/em><u>Teilnehmer (WOS):<\/u><u><\/u>-Natascha Bogumil<strike>-Manfred Caprano<\/strike><strike> <\/strike><strike>&#8211;<\/strike><strike>Tanja Danlowski<\/strike><strike><\/strike>-Kati Debler-F. A. Dreyer-Kerstin\u00a0Frenz-Andreas\u00a0Hartmann-Lothar Koch-Silke Krau\u00df<strike> -Ricarda Marek<\/strike><strike>&#8211;<\/strike><strike><\/strike>Anja Sieverding-Thilo ThiemannOrganisation: F. A. Dreyer<font color=\"#ff0000\">KollegInnen, die absagen wollen, m\u00f6chte ich bitten, umgehend den Hauptverband pers\u00f6nlich zu informieren. <\/font><font color=\"#ff0000\">Ansprechpartner ist hier <a href=\"mailto:sauer@farbe.de\" target=\"_blank\">Frau Sauer<\/a>.<\/font>\u00a0\u00a0\u00a0<\/p>\n","protected":false},"excerpt":{"rendered":"<p>Das Seminar beginnt um 09.00 Uhr in Raum W.1.37 (Altbau)\u00a0 03. &#8211; 04. Dezember 2007 Fortsetzung des Seminars Teil 1 von 2006. Teilnehmer (WOS):-Natascha Bogumil-Manfred Caprano &#8211;Tanja Danlowski-Kati Debler-F. A. Dreyer-Kerstin\u00a0Frenz-Andreas\u00a0Hartmann-Lothar Koch-Silke Krau\u00df -Ricarda Marek&#8211;Anja Sieverding-Thilo ThiemannOrganisation: F. A. DreyerKollegInnen, die absagen wollen, m\u00f6chte ich bitten, umgehend den Hauptverband pers\u00f6nlich zu informieren. Ansprechpartner ist hier [&hellip;]<\/p>\n","protected":false},"author":3,"featured_media":0,"comment_status":"open","ping_status":"open","sticky":false,"template":"","format":"standard","meta":[],"categories":[1],"tags":[],"_links":{"self":[{"href":"https:\/\/gestaltung.wilhelm-ostwald-schule.de\/index.php?rest_route=\/wp\/v2\/posts\/80"}],"collection":[{"href":"https:\/\/gestaltung.wilhelm-ostwald-schule.de\/index.php?rest_route=\/wp\/v2\/posts"}],"about":[{"href":"https:\/\/gestaltung.wilhelm-ostwald-schule.de\/index.php?rest_route=\/wp\/v2\/types\/post"}],"author":[{"embeddable":true,"href":"https:\/\/gestaltung.wilhelm-ostwald-schule.de\/index.php?rest_route=\/wp\/v2\/users\/3"}],"replies":[{"embeddable":true,"href":"https:\/\/gestaltung.wilhelm-ostwald-schule.de\/index.php?rest_route=%2Fwp%2Fv2%2Fcomments&post=80"}],"version-history":[{"count":0,"href":"https:\/\/gestaltung.wilhelm-ostwald-schule.de\/index.php?rest_route=\/wp\/v2\/posts\/80\/revisions"}],"wp:attachment":[{"href":"https:\/\/gestaltung.wilhelm-ostwald-schule.de\/index.php?rest_route=%2Fwp%2Fv2%2Fmedia&parent=80"}],"wp:term":[{"taxonomy":"category","embeddable":true,"href":"https:\/\/gestaltung.wilhelm-ostwald-schule.de\/index.php?rest_route=%2Fwp%2Fv2%2Fcategories&post=80"},{"taxonomy":"post_tag","embeddable":true,"href":"https:\/\/gestaltung.wilhelm-ostwald-schule.de\/index.php?rest_route=%2Fwp%2Fv2%2Ftags&post=80"}],"curies":[{"name":"wp","href":"https:\/\/api.w.org\/{rel}","templated":true}]}}